{"id":250052,"date":"2016-04-08T00:00:00","date_gmt":"2016-04-08T07:00:00","guid":{"rendered":"https:\/\/sdnews.com\/why-march-for-babies-matters\/"},"modified":"2016-04-08T00:00:00","modified_gmt":"2016-04-08T07:00:00","slug":"why-march-for-babies-matters","status":"publish","type":"post","link":"https:\/\/test.sdnews.com\/es\/why-march-for-babies-matters\/","title":{"rendered":"Why March for Babies matters"},"content":{"rendered":"<p>Por Margie M. Palmer<!--more--><\/p>\n<p>After years of trying to conceive, Patrizia \u201cTrish\u201d Guidi and husband Anthony were overjoyed when they learned she was pregnant with a baby girl.<\/p>\n<p>But then Madelyn Grace was born prematurely on Oct. 25, 2014. She was only 1 pound 9 ounces, and just 14 inches long.<\/p>\n<p>Trish credits the March of Dimes with helping save her daughter\u2019s life.<\/p>\n<p>\u201cMadelyn\u2019s prematurity meant that her lungs were severely underdeveloped. Her immature lungs did not produce enough surfactant, a protein that keeps small air sacs in the lungs from collapsing,\u201d she said. \u201cWe were told that Madelyn\u2019s lungs were like two pieces of wet tissue paper stuck together.\u201d<\/p>\n<p>The Guidis have been named as a San Diego March for Babies Ambassador Family. Trish said the March of Dimes has impacted her family in the best way possible, and she is only happy to give back through the charity\u2019s major fundraiser.<\/p>\n<figure id=\"attachment_24933\" aria-describedby=\"caption-attachment-24933\" style=\"width: 605px\" class=\"wp-caption alignleft\"><a href=\"https:\/\/sduptownnews.com\/wp-content\/uploads\/2016\/04\/FRONT-COVER-Trish-Family-Portaitswebtop.jpg\" rel=\"attachment wp-att-24933\"><img decoding=\"async\" class=\"wp-image-24933 size-full lazyload\" data-src=\"https:\/\/sduptownnews.com\/wp-content\/uploads\/2016\/04\/FRONT-COVER-Trish-Family-Portaitswebtop.jpg\" alt=\"View More: http:\/\/brookealiceon.pass.us\/trish-family-portaits\" width=\"605\" height=\"350\" src=\"data:image\/gif;base64,R0lGODlhAQABAAAAACH5BAEKAAEALAAAAAABAAEAAAICTAEAOw==\" style=\"--smush-placeholder-width: 605px; --smush-placeholder-aspect-ratio: 605\/350;\" \/><\/a><figcaption id=\"caption-attachment-24933\" class=\"wp-caption-text\">Anthony and Patrizia \u201cTrish\u201d Guidi with daughter Madelyn Grace, who weighed less than 2 pounds at birth (Courtesy of Guidi family)<\/figcaption><\/figure>\n<p>The San Diego March for Babies will take place on Saturday, April 23, at Balboa Park. The 3.5-mile walk will help raise much-needed money to help prevent premature birth and birth defects; all funds raised will benefit the March of Dimes.<\/p>\n<p>More than 7 million supporters are expected to participate nationwide in a total of 650 organized marches this year.<\/p>\n<p>Local event chair Dr. Lance Prince, who is Division Chief Neonatologist and Associate Professor of Pediatrics at UC San Diego Health, said he is proud to support the March of Dimes in making a difference in the lives of mothers and babies.<\/p>\n<p>\u201cI\u2019ve been associated with the March of Dimes for many years; it\u2019s one of the charities that has helped support reach early on within my career,\u201d Dr. Prince said.<\/p>\n<p>\u201cI\u2019ve always felt an attachment to their mission; one in 10 babies is born too soon, which can lead to serious and lifelong health consequences. While the work of the March of Dimes has led to extraordinary advances, challenges related to premature birth, birth defects, and infant mortality remain,\u201d he said.<\/p>\n<p>\u201cThe challenges that we face in prevention of premature birth are still there. We continue to make progress each year but we still have a long way to go,\u201d he added. \u201cThe reason to have the March for Babies and raise money for the March of Dimes has not wavered, it\u2019s just as important as ever. Our goal is to heighten awareness that prematurity is the number one killer of babies worldwide because the more people that become involved, the more money we can raise to support grants and research in this field.\u201d<\/p>\n<p>That kind of research was vital for baby Madelyn. After receiving surfactant therapy, which was developed in part due to research by the March of Dimes, her condition improved greatly.<\/p>\n<p>\u201cIf she hadn\u2019t received [this therapy] her lungs may never have been able to develop or breathe properly. The ability to have this treatment established and a part Madelyn\u2019s protocol was a true lifesaver,\u201d Trish said.<\/p>\n<figure id=\"attachment_25021\" aria-describedby=\"caption-attachment-25021\" style=\"width: 600px\" class=\"wp-caption alignleft\"><a href=\"https:\/\/sduptownnews.com\/wp-content\/uploads\/2016\/04\/Madelynweb.jpg\" rel=\"attachment wp-att-25021\"><img decoding=\"async\" class=\"size-full wp-image-25021 lazyload\" data-src=\"https:\/\/sduptownnews.com\/wp-content\/uploads\/2016\/04\/Madelynweb.jpg\" alt=\"Madelyn Grace was born premature and needed surfactant therapy, a lifesaving treatment developed in part due to research by the March of Dimes. (Courtesy of Guidi family)\" width=\"600\" height=\"400\" src=\"data:image\/gif;base64,R0lGODlhAQABAAAAACH5BAEKAAEALAAAAAABAAEAAAICTAEAOw==\" style=\"--smush-placeholder-width: 600px; --smush-placeholder-aspect-ratio: 600\/400;\" \/><\/a><figcaption id=\"caption-attachment-25021\" class=\"wp-caption-text\">Madelyn Grace was born premature and needed surfactant therapy, a lifesaving treatment<br \/>developed in part due to research by the March of Dimes. (Courtesy of Guidi family)<\/figcaption><\/figure>\n<p>\u201cI just really want to bring the point home about how what these babies, and us parents, go through when a child is born premature; I watched my child fight to live. She had a brain bleed, collapsed lungs, was on a ventilator, had an extra-large hole in her heart, almost lost her eye sight and on and on,\u201d she said.<\/p>\n<p>\u201cAnd while we all survived and are stronger people because of it, I want less people to experience this. I also want to point out that we were the lucky ones. Our little girl survived and is doing very well. There are many, too many, parents that lose their child. And for those reasons, we need to raise money and we need to fund the research to stop prematurity.\u201d<\/p>\n<p>Registration for the San Diego March for Babies will begin at 7 a.m. on April 23 for the 8 a.m. walk. Those who are interested in signing up in advance can do so at <a href=\"http:\/\/www.marchforbabies.org\" target=\"_blank\" rel=\"noopener\">marchforbabies.org<\/a>.<\/p>\n<p><em>\u2014Margie M. Palmer es una escritora independiente con sede en San Diego que ha estado acumulando art\u00edculos en una gran cantidad de publicaciones de noticias durante los \u00faltimos 10 a\u00f1os. Puedes localizarla en <\/em><a href=\"mailto:margiep@alumni.pitt.edu\"><em>margiep@alumni.pitt.edu<\/em><\/a><em>.<\/em><\/p>","protected":false},"excerpt":{"rendered":"<p>Por Margie M. Palmer<\/p>","protected":false},"author":746,"featured_media":250053,"comment_status":"open","ping_status":"open","sticky":false,"template":"","format":"standard","meta":{"_seopress_robots_primary_cat":"11555","_seopress_titles_title":"Why March for Babies matters","_seopress_titles_desc":"","_seopress_robots_index":"","jnews-multi-image_gallery":[],"jnews_single_post":[],"jnews_primary_category":[],"jnews_social_meta":[],"jnews_override_counter":[],"footnotes":""},"categories":[11547,11551,11550,11555],"tags":[],"class_list":["post-250052","post","type-post","status-publish","format-standard","has-post-thumbnail","hentry","category-features","category-news","category-top-stories","category-uptown-news"],"_links":{"self":[{"href":"https:\/\/test.sdnews.com\/es\/wp-json\/wp\/v2\/posts\/250052","targetHints":{"allow":["GET"]}}],"collection":[{"href":"https:\/\/test.sdnews.com\/es\/wp-json\/wp\/v2\/posts"}],"about":[{"href":"https:\/\/test.sdnews.com\/es\/wp-json\/wp\/v2\/types\/post"}],"author":[{"embeddable":true,"href":"https:\/\/test.sdnews.com\/es\/wp-json\/wp\/v2\/users\/746"}],"replies":[{"embeddable":true,"href":"https:\/\/test.sdnews.com\/es\/wp-json\/wp\/v2\/comments?post=250052"}],"version-history":[{"count":0,"href":"https:\/\/test.sdnews.com\/es\/wp-json\/wp\/v2\/posts\/250052\/revisions"}],"wp:featuredmedia":[{"embeddable":true,"href":"https:\/\/test.sdnews.com\/es\/wp-json\/wp\/v2\/media\/250053"}],"wp:attachment":[{"href":"https:\/\/test.sdnews.com\/es\/wp-json\/wp\/v2\/media?parent=250052"}],"wp:term":[{"taxonomy":"category","embeddable":true,"href":"https:\/\/test.sdnews.com\/es\/wp-json\/wp\/v2\/categories?post=250052"},{"taxonomy":"post_tag","embeddable":true,"href":"https:\/\/test.sdnews.com\/es\/wp-json\/wp\/v2\/tags?post=250052"}],"curies":[{"name":"wp","href":"https:\/\/api.w.org\/{rel}","templated":true}]}}